{"id":85,"date":"2025-05-25T18:35:39","date_gmt":"2025-05-25T18:35:39","guid":{"rendered":"https:\/\/strahodzubara.in.rs\/?p=85"},"modified":"2025-05-25T19:53:23","modified_gmt":"2025-05-25T19:53:23","slug":"kako-blog-posvecen-strahu-od-zubara-moze-da-pomogne-drugima-da-pobede-strah","status":"publish","type":"post","link":"https:\/\/strahodzubara.in.rs\/?p=85","title":{"rendered":"Kako blog posve\u0107en strahu od zubara mo\u017ee da pomogne drugima da pobede strah?"},"content":{"rendered":"\n<h1 class=\"wp-block-heading\">Moja pri\u010da kao inspiracija za neustra\u0161iv osmeh<\/h1>\n\n\n\n<p>Strah od zubara nije samo strah od bola.<br>To je \u010desto strah od <strong>gubitka kontrole, poni\u017eenja, neprijatnih uspomena i neizvesnosti<\/strong>.<br>I upravo zato je tako tvrdokoran.<\/p>\n\n\n\n<p>Kao stomatolog koji vi\u0161e od 20 godina radi <strong>isklju\u010divo sa pacijentima koji se boje zubara<\/strong>, imao sam priliku da u\u0111em duboko u korene ovog straha. Do sada sam pomogao vi\u0161e od 2000 pacijenata da prebrode dentofobiju. I veruj mi \u2013 <strong>svaka pobeda nad strahom po\u010dinje \u2013 re\u010dima<\/strong>.<\/p>\n\n\n\n<p>Zato sam pokrenuo blog.<\/p>\n\n\n\n<p>Ne kao promociju struke. Ve\u0107 kao <strong>putanju<\/strong> za one koji se ose\u0107aju usamljeno, upla\u0161eno jer ne mogu da sednu u zubarsku stolicu bez stresa.<\/p>\n\n\n\n<p>U ovom tekstu \u017eelim da ti poka\u017eem <strong>za\u0161to blog mo\u017ee biti lekovit<\/strong>, <\/p>\n\n\n\n<p>i kako <strong>moja pri\u010da<\/strong> mo\u017ee postati <strong>izvor nade za hiljade drugih<\/strong>.<\/p>\n\n\n\n<hr class=\"wp-block-separator has-alpha-channel-opacity\"\/>\n\n\n\n<h2 class=\"wp-block-heading\">\ud83d\udcd6 <strong>Strah se ne le\u010di samo lekovima \u2013 ve\u0107 i re\u010dima<\/strong><\/h2>\n\n\n\n<p>Prema knjizi <em>The Fearful Dental Patient<\/em> (Weiner, 2010), jedan od klju\u010dnih razloga za\u0161to strah opstaje jeste <strong>osamljeno iskustvo<\/strong>: osoba misli da je jedina koja se boji.<br>A onda nai\u0111e na tekst. Na pri\u010du. Na tu\u0111e re\u010di koje ka\u017eu:<br>\ud83d\udc49 <em>&#8220;I ja sam se bojao.&#8221;<\/em><br>\ud83d\udc49 <em>&#8220;I meni je bilo sramota.&#8221;<\/em><br>\ud83d\udc49 <em>&#8220;I ja sam godinama izbegavao.&#8221;<\/em><\/p>\n\n\n\n<p>I tada se ne\u0161to de\u0161ava: <strong>osoba se vi\u0161e ne ose\u0107a sama.<\/strong><br>I to je <strong>prva isceljuju\u0107a iskra<\/strong>.<\/p>\n\n\n\n<p>\ud83d\udccc Blog mo\u017ee da bude mesto gde strah <strong>dobija ime, oblik \u2013 i izlaz.<\/strong><\/p>\n\n\n\n<hr class=\"wp-block-separator has-alpha-channel-opacity\"\/>\n\n\n\n<h2 class=\"wp-block-heading\">\u270d\ufe0f <strong>Moja pri\u010da: Za\u0161to sam po\u010deo da pi\u0161em?<\/strong><\/h2>\n\n\n\n<p>Pre vi\u0161e godina, imao sam pacijentkinju koja je do\u0161la posle <strong>12 godina izbegavanja zubara<\/strong>. Tresla se, plakala i rekla: <em>&#8220;Znam da nisam normalna. Imam 37 godina i ne smem kod zubara.&#8221;<\/em><\/p>\n\n\n\n<p>Zna\u0161 \u0161ta je rekla kada je prvi put sela u stolicu i izdr\u017eala pregled?<\/p>\n\n\n\n<p>\ud83d\udde3 <em>&#8220;Da sam ranije pro\u010ditala da ovo \u0161to ose\u0107am ima ime i da nisam sama, mo\u017eda bih ranije potra\u017eila pomo\u0107.&#8221;<\/em><\/p>\n\n\n\n<p>Tada sam shvatio: <strong>treba vi\u0161e re\u010di u ovom svetu. Vi\u0161e razumevanja. Vi\u0161e istina.<\/strong><\/p>\n\n\n\n<p>Zato sam krenuo da pi\u0161em.<br>Svaki tekst bio je <strong>most izme\u0111u straha i nade<\/strong>.<br>I ljudi su po\u010deli da se javljaju. Da pi\u0161u svoje pri\u010de. Da se vra\u0107aju zubaru.<\/p>\n\n\n\n<hr class=\"wp-block-separator has-alpha-channel-opacity\"\/>\n\n\n\n<h2 class=\"wp-block-heading\">\ud83d\udca1 <strong>Kako blog konkretno poma\u017ee ljudima koji se boje zubara?<\/strong><\/h2>\n\n\n\n<p>Evo nekoliko klju\u010dnih na\u010dina:<\/p>\n\n\n\n<hr class=\"wp-block-separator has-alpha-channel-opacity\"\/>\n\n\n\n<h3 class=\"wp-block-heading\">1. \u2705 <strong>Normalizuje strah \u2013 &#8220;Nisam jedini&#8221;<\/strong><\/h3>\n\n\n\n<p>Ljudi koji se boje zubara \u010desto veruju da su &#8220;\u010dudni&#8221;, &#8220;preosetljivi&#8221; ili &#8220;nezreli&#8221;.<br>A onda na blogu pro\u010ditaju:<\/p>\n\n\n\n<blockquote class=\"wp-block-quote is-layout-flow wp-block-quote-is-layout-flow\">\n<p>&#8220;Imam 45 godina. I jo\u0161 uvek mi zadrhti ruka pred ordinacijom.&#8221;<\/p>\n\n\n\n<p>&#8220;Kao dete sam imao traumati\u010dno iskustvo. Od tada nisam kro\u010dio kod zubara.&#8221;<\/p>\n\n\n\n<p>&#8220;Samo mi je neko trebao da ka\u017ee da ne moram sve danas. Da mogu da u\u0111em, sedim, iza\u0111em \u2013 i da je i to dovoljno.&#8221;<\/p>\n<\/blockquote>\n\n\n\n<p>\ud83d\udccc <em>Ose\u0107aj da nisi sam \u2013 ve\u0107 je polovinu straha razbio.<\/em><\/p>\n\n\n\n<hr class=\"wp-block-separator has-alpha-channel-opacity\"\/>\n\n\n\n<h3 class=\"wp-block-heading\">2. \u2705 <strong>Obja\u0161njava mehanizme straha na jednostavan na\u010din<\/strong><\/h3>\n\n\n\n<p>Blog je prilika da <strong>kompleksnu psihologiju objasnimo jezikom srednjo\u0161kolca.<\/strong><br>Na primer:<\/p>\n\n\n\n<p>\ud83e\udde0 &#8220;Tvoj mozak pamti bol i paniku kao da su opasnost. To nije slabost \u2013 to je tvoja biologija. Ali mo\u017ee\u0161 nau\u010diti da je reprogramira\u0161.&#8221;<\/p>\n\n\n\n<p>\ud83d\udccc <em>Kada zna\u0161 kako strah funkcioni\u0161e, vi\u0161e nisi njegov rob \u2013 ve\u0107 u\u010ditelj.<\/em><\/p>\n\n\n\n<hr class=\"wp-block-separator has-alpha-channel-opacity\"\/>\n\n\n\n<h3 class=\"wp-block-heading\">3. \u2705 <strong>Daje konkretne alate i tehnike<\/strong><\/h3>\n\n\n\n<p>Svaki blog post mo\u017ee sadr\u017eati:<\/p>\n\n\n\n<ul class=\"wp-block-list\">\n<li>jednostavne ve\u017ebe disanja<\/li>\n\n\n\n<li>postupak pripreme pred pregled<\/li>\n\n\n\n<li>afirmacije za samopodr\u0161ku<\/li>\n\n\n\n<li>korisna pitanja za razgovor sa stomatologom<\/li>\n<\/ul>\n\n\n\n<p>Na primer:<br>\ud83e\uddd8\u200d\u2640\ufe0f <em>&#8220;Di\u0161i 4-7-8 pre nego \u0161to u\u0111e\u0161 u ordinaciju.&#8221;<\/em><br>\ud83d\udde3 <em>&#8220;Reci zubaru: &#8216;Ja imam strah, treba\u0107e mi pauze.'&#8221;<\/em><\/p>\n\n\n\n<p>\ud83d\udccc <em>Ljudi vole kada znaju ne samo za\u0161to, ve\u0107 i \u0161ta ta\u010dno da urade<\/em>.<\/p>\n\n\n\n<hr class=\"wp-block-separator has-alpha-channel-opacity\"\/>\n\n\n\n<h3 class=\"wp-block-heading\">4. \u2705 <strong>Podse\u0107a da je mogu\u0107e \u2013 i da drugi to ve\u0107 rade<\/strong><\/h3>\n\n\n\n<p>Blog je kao putokaz:<br>\ud83d\udccc <em>&#8220;Nisam jo\u0161 stigao do kraja. Ali sada idem.&#8221;<\/em><br>Kada neko pro\u010dita tu\u0111e napredovanje, budi mu se <strong>vera u sopstvenu promenu<\/strong> na bolje.<\/p>\n\n\n\n<p>Jedna poruka kao:<\/p>\n\n\n\n<blockquote class=\"wp-block-quote is-layout-flow wp-block-quote-is-layout-flow\">\n<p>&#8220;Danas sam oti\u0161ao kod zubara. Samo sam sedeo 5 minuta. Ali to je prvi put posle 10 godina. I ne stidim se vi\u0161e.&#8221;<br>\u2026mo\u017ee pokrenuti lavinu promene kod \u010ditaoca.<\/p>\n<\/blockquote>\n\n\n\n<hr class=\"wp-block-separator has-alpha-channel-opacity\"\/>\n\n\n\n<h2 class=\"wp-block-heading\">\ud83e\udded <strong>A kako da ti pi\u0161e\u0161? (Ako \u017eeli\u0161 da pokrene\u0161 sopstveni blog)<\/strong><\/h2>\n\n\n\n<ul class=\"wp-block-list\">\n<li>Pi\u0161i iskreno \u2013 ne mora\u0161 da bude\u0161 stru\u010dnjak. Budi \u010dovek.<\/li>\n\n\n\n<li>Opisuj svoj strah, ali i male pobede.<\/li>\n\n\n\n<li>Ne mora\u0161 da savetuje\u0161. Samo podeli.<\/li>\n\n\n\n<li>Koristi jednostavne re\u010denice \u2013 jer tvoji \u010ditaoci ne tra\u017ee knjigu, ve\u0107 <strong>ljudsko razumevanje.<\/strong><\/li>\n<\/ul>\n\n\n\n<p>\ud83d\udccc <em>Tvoje iskustvo, koliko god ti se \u010dinilo li\u010dno i \u201emalo\u201c, nekome je svetionik.<\/em><\/p>\n\n\n\n<hr class=\"wp-block-separator has-alpha-channel-opacity\"\/>\n\n\n\n<h2 class=\"wp-block-heading\">\ud83d\udcac <strong>Poruka za kraj: Blog ne le\u010di zube \u2013 ali le\u010di usamljenost<\/strong>.<\/h2>\n\n\n\n<p>Strah se ne pobe\u0111uje jednim potezom.<br>Pobe\u0111uje se <strong>korak po korak<\/strong>, uz re\u010di koje te nose.<\/p>\n\n\n\n<p>Zato:<\/p>\n\n\n\n<ul class=\"wp-block-list\">\n<li>Ako pi\u0161e\u0161 \u2013 pi\u0161i da bude\u0161 svetlo nekome.<\/li>\n\n\n\n<li>Ako \u010dita\u0161 \u2013 \u010ditaj da zna\u0161 da nisi sam.<\/li>\n\n\n\n<li>Ako \u0107uti\u0161 \u2013 vreme je da podeli\u0161. Tvoj glas ne mora da bude glasan. Samo iskren.<\/li>\n<\/ul>\n\n\n\n<p>\ud83d\udccc Blog posve\u0107en strahu od zubara nije samo stranica na internetu. To je <strong>mesto susreta izme\u0111u straha i hrabrosti<\/strong>.<\/p>\n\n\n\n<p>Tvoj neustra\u0161iv osmeh ne po\u010dinje kad nestane strah.<br>Po\u010dinje kada <strong>odlu\u010di\u0161 da se pojavi\u0161 u novoj ulozi \u2013 i podeli\u0161 je sa nama.<\/strong><\/p>\n\n\n\n<p>:::::::::::::::::::::::::::::::::::::::<\/p>\n\n\n\n<p>Autor teksta je:<\/p>\n\n\n\n<p>dr Du\u0161an Ostoji\u0107, stomatolog, <\/p>\n\n\n\n<p>specijalista oralne hirurgije<\/p>\n\n\n\n<p>Kontakt:<\/p>\n\n\n\n<p><a href=\"https:\/\/www.facebook.com\/stomatolog018\">https:\/\/www.facebook.com\/stomatolog018<\/a><\/p>\n\n\n\n<p><a href=\"https:\/\/www.instagram.com\/drostojic018\">https:\/\/www.instagram.com\/drostojic018<\/a><\/p>\n","protected":false},"excerpt":{"rendered":"<p>Moja pri\u010da kao inspiracija za neustra\u0161iv osmeh Strah od zubara nije samo strah od bola.To je \u010desto strah od gubitka kontrole, poni\u017eenja, neprijatnih uspomena i neizvesnosti.I upravo zato je tako tvrdokoran. Kao stomatolog koji vi\u0161e od 20 godina radi isklju\u010divo sa pacijentima koji se boje zubara, imao sam priliku da u\u0111em duboko u korene ovog [&hellip;]<\/p>\n","protected":false},"author":1,"featured_media":0,"comment_status":"closed","ping_status":"","sticky":false,"template":"","format":"standard","meta":{"footnotes":""},"categories":[1],"tags":[],"class_list":["post-85","post","type-post","status-publish","format-standard","hentry","category-uncategorized"],"_links":{"self":[{"href":"https:\/\/strahodzubara.in.rs\/index.php?rest_route=\/wp\/v2\/posts\/85","targetHints":{"allow":["GET"]}}],"collection":[{"href":"https:\/\/strahodzubara.in.rs\/index.php?rest_route=\/wp\/v2\/posts"}],"about":[{"href":"https:\/\/strahodzubara.in.rs\/index.php?rest_route=\/wp\/v2\/types\/post"}],"author":[{"embeddable":true,"href":"https:\/\/strahodzubara.in.rs\/index.php?rest_route=\/wp\/v2\/users\/1"}],"replies":[{"embeddable":true,"href":"https:\/\/strahodzubara.in.rs\/index.php?rest_route=%2Fwp%2Fv2%2Fcomments&post=85"}],"version-history":[{"count":2,"href":"https:\/\/strahodzubara.in.rs\/index.php?rest_route=\/wp\/v2\/posts\/85\/revisions"}],"predecessor-version":[{"id":111,"href":"https:\/\/strahodzubara.in.rs\/index.php?rest_route=\/wp\/v2\/posts\/85\/revisions\/111"}],"wp:attachment":[{"href":"https:\/\/strahodzubara.in.rs\/index.php?rest_route=%2Fwp%2Fv2%2Fmedia&parent=85"}],"wp:term":[{"taxonomy":"category","embeddable":true,"href":"https:\/\/strahodzubara.in.rs\/index.php?rest_route=%2Fwp%2Fv2%2Fcategories&post=85"},{"taxonomy":"post_tag","embeddable":true,"href":"https:\/\/strahodzubara.in.rs\/index.php?rest_route=%2Fwp%2Fv2%2Ftags&post=85"}],"curies":[{"name":"wp","href":"https:\/\/api.w.org\/{rel}","templated":true}]}}